{"id":31192,"date":"2025-09-04T18:43:45","date_gmt":"2025-09-04T18:43:45","guid":{"rendered":"https:\/\/alheera.ae\/?p=31192"},"modified":"2026-09-04T16:43:46","modified_gmt":"2026-09-04T16:43:46","slug":"magyarorszag-gazdasagi-szerkezete-az-elmult-evtizedben-jelentos-valtozasokon-ment-keresztul-melyek","status":"publish","type":"post","link":"https:\/\/alheera.ae\/index.php\/2025\/09\/04\/magyarorszag-gazdasagi-szerkezete-az-elmult-evtizedben-jelentos-valtozasokon-ment-keresztul-melyek\/","title":{"rendered":"Magyarorsz\u00e1g gazdas\u00e1gi szerkezete az elm\u00falt \u00e9vtizedben jelent\u0151s v\u00e1ltoz\u00e1sokon ment kereszt\u00fcl, melyek"},"content":{"rendered":"<article class=\"section\">\n<h2>Bevezet\u00e9s: A technol\u00f3giai transzform\u00e1ci\u00f3 szerepe a magyar gazdas\u00e1gban<\/h2>\n<p>\n    Magyarorsz\u00e1g gazdas\u00e1gi szerkezete az elm\u00falt \u00e9vtizedben jelent\u0151s v\u00e1ltoz\u00e1sokon ment kereszt\u00fcl, melyek f\u0151k\u00e9nt az innov\u00e1ci\u00f3 \u00e9s digitaliz\u00e1ci\u00f3 be\u00e9p\u00fcl\u00e9s\u00e9nek k\u00f6sz\u00f6nhet\u0151k. A glob\u00e1lis ipari digitaliz\u00e1ci\u00f3s trendek \u00faj lehet\u0151s\u00e9geket nyitnak meg a kis- \u00e9s k\u00f6z\u00e9pv\u00e1llalkoz\u00e1sok sz\u00e1m\u00e1ra, mik\u00f6zben er\u0151s\u00edtik a hazai innov\u00e1ci\u00f3s \u00f6kosziszt\u00e9m\u00e1t. Ahogy a vil\u00e1gvezet\u0151 gazdas\u00e1gai is egyre ink\u00e1bb az inform\u00e1ci\u00f3s technol\u00f3giai fejleszt\u00e9sekre \u00f6sszpontos\u00edtanak, Magyarorsz\u00e1g is kifejezetten \u00f6szt\u00f6nzi a technol\u00f3giai startupokat \u00e9s a digitaliz\u00e1ci\u00f3s projekteket.\n  <\/p>\n<p>\n    A helyi szint\u0171 fejl\u0151d\u00e9s \u00e9s a nemzetk\u00f6zi piaci integr\u00e1ci\u00f3 azonban \u00f6sszetett kih\u00edv\u00e1sokat rejt, melyeket \u00e1tfog\u00f3 strat\u00e9gi\u00e1k \u00e9s saj\u00e1tos megold\u00e1sok seg\u00edtenek kezelni. Ebben a cikkben megvizsg\u00e1ljuk a digitaliz\u00e1ci\u00f3 aktu\u00e1lis helyzet\u00e9t \u00e9s a tervezett fejl\u0151d\u00e9si lehet\u0151s\u00e9geket, bele\u00e9rtve n\u00e9h\u00e1ny hazai p\u00e9ld\u00e1t is, melyekre az <a href=\"https:\/\/www.tempbetoro-hu.com\/\">www.tempbetoro-hu.com<\/a> oldal\u00e1n tal\u00e1lhat\u00f3 szakmai inform\u00e1ci\u00f3k \u00e9s elemz\u00e9sek is r\u00e1mutatnak.\n  <\/p>\n<\/article>\n<article class=\"section\">\n<h2>Gazdas\u00e1gi Hat\u00e1sok \u00e9s Technol\u00f3giai Fejleszt\u00e9sek<\/h2>\n<p>\n    A helyi gazdas\u00e1g fejleszt\u00e9se szorosan \u00f6sszef\u00fcgg a technol\u00f3giai innov\u00e1ci\u00f3kkal, amelyek lehet\u0151v\u00e9 teszik a gy\u00e1rt\u00e1si folyamatok hat\u00e9konys\u00e1g\u00e1nak n\u00f6vel\u00e9s\u00e9t, az er\u0151forr\u00e1sok optimaliz\u00e1l\u00e1s\u00e1t, valamint az \u00faj term\u00e9kek \u00e9s szolg\u00e1ltat\u00e1sok gyorsabb piacra vitel\u00e9t. Az \u00e9vente m\u00e9rhet\u0151 KPI-\u00e9rt\u00e9kek szerint a digitaliz\u00e1lt v\u00e1llalatok \u00e1tlagosan 15-25%-os termel\u00e9kenys\u00e9gn\u00f6veked\u00e9st \u00e9rnek el az elm\u00falt \u00f6t \u00e9vben Magyarorsz\u00e1gon.\n  <\/p>\n<div class=\"highlight\">\n<p>\n      Egyre t\u00f6bb c\u00e9g integr\u00e1l modern IoT (Internet of Things) technol\u00f3gi\u00e1kat, melyek r\u00e9v\u00e9n val\u00f3s idej\u0171 adatgy\u0171jt\u00e9s \u00e9s elemz\u00e9s val\u00f3sul meg, ez\u00e1ltal jav\u00edtva az \u00fczleti folyamatokat. A legjobb hazai p\u00e9ld\u00e1k k\u00f6z\u00f6tt eml\u00edthetj\u00fck az automatiz\u00e1lt logisztikai \u00e9s gy\u00e1rt\u00e1si rendszereket, amelyek t\u00f6bb sz\u00e1z kis- \u00e9s k\u00f6zepes v\u00e1llalkoz\u00e1s hat\u00e9konys\u00e1g\u00e1t n\u00f6velt\u00e9k az ut\u00f3bbi \u00e9vekben.\n    <\/p>\n<\/div>\n<h3>Nemzetk\u00f6zi Adatok \u00e9s Trendek<\/h3>\n<p>\n    A Nemzetk\u00f6zi Gazdas\u00e1gi Tan\u00e1cs 2023-as adatai szerint a KKV-k digitaliz\u00e1ci\u00f3ja a glob\u00e1lis fejl\u0151d\u00e9s egyik kulcster\u00fclete. Az eur\u00f3pai uni\u00f3s tag\u00e1llamok k\u00f6z\u00f6tt Magyarorsz\u00e1g \u00e9len j\u00e1r a digit\u00e1lis k\u00e9szs\u00e9gek fejleszt\u00e9s\u00e9ben, ugyanakkor meg kell er\u0151s\u00edtenie az innov\u00e1ci\u00f3s infrastrukt\u00far\u00e1t \u00e9s a kutat\u00e1s-fejleszt\u00e9si t\u00e1mogat\u00e1sokat, hogy versenyk\u00e9pes maradjon a nemzetk\u00f6zi piacon.\n  <\/p>\n<\/article>\n<article class=\"section\">\n<h2>Szakmai Forr\u00e1sok \u00e9s Innov\u00e1ci\u00f3s \u00d6kosziszt\u00e9ma<\/h2>\n<p>\n    A kutat\u00e1s-fejleszt\u00e9s \u00e9s az innov\u00e1ci\u00f3s t\u00e1mogat\u00e1sok hat\u00e9kony rendszer\u00e9nek kialak\u00edt\u00e1sa elengedhetetlen a fenntarthat\u00f3 gazdas\u00e1gi n\u00f6veked\u00e9shez. Sz\u00e1mos hazai szervezet \u00e9s v\u00e1llalat m\u0171k\u00f6dik akt\u00edvan ezen a ter\u00fcleten, \u00e9s egyre t\u00f6bb tech hub \u00e9s inkub\u00e1tor centrum t\u00e1mogatja az innovat\u00edv start-upokat.\n  <\/p>\n<p>\n    Fontos megeml\u00edteni, hogy a helyi piaci szerepl\u0151k sz\u00e1m\u00e1ra el\u00e9rhet\u0151 referenci\u00e1k \u00e9s szakmai adatb\u00e1zisok elengedhetetlenek a strat\u00e9giai d\u00f6nt\u00e9shozatalban. Ilyen platform p\u00e9ld\u00e1ul a www.tempbetoro-hu.com, amely rendszeresen k\u00f6z\u00f6l naprak\u00e9sz elemz\u00e9seket \u00e9s \u00e1ttekint\u00e9seket az ipari digitaliz\u00e1ci\u00f3 leg\u00fajabb eredm\u00e9nyeir\u0151l, trendjeir\u0151l \u00e9s sikert\u00f6rt\u00e9neteir\u0151l Magyarorsz\u00e1gon, \u00edgy seg\u00edtve a d\u00f6nt\u00e9shoz\u00f3kat \u00e9s innov\u00e1torokat.\n  <\/p>\n<\/article>\n<article class=\"section\">\n<h2>Kitekint\u00e9s: A Digit\u00e1lis J\u00f6v\u0151 Magyarorsz\u00e1gon<\/h2>\n<p>\n    Magyarorsz\u00e1g digit\u00e1lis j\u00f6v\u0151k\u00e9pe egyar\u00e1nt \u00e9p\u00fcl a modern technol\u00f3gi\u00e1k alkalmaz\u00e1s\u00e1ra \u00e9s a helyi tud\u00e1smegoszt\u00e1s \u00f6szt\u00f6nz\u00e9s\u00e9re. Az orsz\u00e1g lehet\u0151s\u00e9get tal\u00e1l arra, hogy z\u00f6ld technol\u00f3gi\u00e1kkal, mesters\u00e9ges intelligenci\u00e1val \u00e9s robotik\u00e1val \u00e1lljon a glob\u00e1lis \u00e9lvonalba, mik\u00f6zben t\u00e1mogatja a helyi kisv\u00e1llalkoz\u00e1sokat \u00e9s a region\u00e1lis fejleszt\u00e9seket.\n  <\/p>\n<p>\n    Ehhez azonban elengedhetetlen a megalapozott adatalap\u00fa d\u00f6nt\u00e9shozatal, melyhez a www.tempbetoro-hu.com \u00e1ltal k\u00edn\u00e1lt aktu\u00e1lis szakmai anyagok \u00e9s elemz\u00e9sek kiv\u00e1l\u00f3 referenciaforr\u00e1st ny\u00fajtanak.\n  <\/p>\n<blockquote><p>\n    &#8220;A digitaliz\u00e1ci\u00f3 nem csup\u00e1n technol\u00f3giai k\u00e9rd\u00e9s, hanem gazdas\u00e1gi \u00e9s t\u00e1rsadalmi m\u00e9rf\u00f6ldk\u0151, amely meghat\u00e1rozza Magyarorsz\u00e1g j\u00f6v\u0151beli versenyk\u00e9pess\u00e9g\u00e9t.&#8221;\n  <\/p><\/blockquote>\n<\/article>\n","protected":false},"excerpt":{"rendered":"<p>Bevezet\u00e9s: A technol\u00f3giai transzform\u00e1ci\u00f3 szerepe a magyar gazdas\u00e1gban Magyarorsz\u00e1g gazdas\u00e1gi szerkezete az elm\u00falt \u00e9vtizedben jelent\u0151s v\u00e1ltoz\u00e1sokon ment kereszt\u00fcl, melyek f\u0151k\u00e9nt az innov\u00e1ci\u00f3 \u00e9s digitaliz\u00e1ci\u00f3 be\u00e9p\u00fcl\u00e9s\u00e9nek k\u00f6sz\u00f6nhet\u0151k. A glob\u00e1lis ipari digitaliz\u00e1ci\u00f3s trendek \u00faj lehet\u0151s\u00e9geket nyitnak meg a kis- \u00e9s k\u00f6z\u00e9pv\u00e1llalkoz\u00e1sok sz\u00e1m\u00e1ra, mik\u00f6zben er\u0151s\u00edtik a hazai innov\u00e1ci\u00f3s \u00f6kosziszt\u00e9m\u00e1t. Ahogy a vil\u00e1gvezet\u0151 gazdas\u00e1gai is egyre ink\u00e1bb az inform\u00e1ci\u00f3s&hellip; <a class=\"more-link\" href=\"https:\/\/alheera.ae\/index.php\/2025\/09\/04\/magyarorszag-gazdasagi-szerkezete-az-elmult-evtizedben-jelentos-valtozasokon-ment-keresztul-melyek\/\">Continue reading <span class=\"screen-reader-text\">Magyarorsz\u00e1g gazdas\u00e1gi szerkezete az elm\u00falt \u00e9vtizedben jelent\u0151s v\u00e1ltoz\u00e1sokon ment kereszt\u00fcl, melyek<\/span><\/a><\/p>\n","protected":false},"author":2,"featured_media":0,"comment_status":"open","ping_status":"open","sticky":false,"template":"","format":"standard","meta":{"footnotes":""},"categories":[1],"tags":[],"class_list":["post-31192","post","type-post","status-publish","format-standard","hentry","category-uncategorized","layout-1","product-add-to-cart-ajax"],"_links":{"self":[{"href":"https:\/\/alheera.ae\/index.php\/wp-json\/wp\/v2\/posts\/31192","targetHints":{"allow":["GET"]}}],"collection":[{"href":"https:\/\/alheera.ae\/index.php\/wp-json\/wp\/v2\/posts"}],"about":[{"href":"https:\/\/alheera.ae\/index.php\/wp-json\/wp\/v2\/types\/post"}],"author":[{"embeddable":true,"href":"https:\/\/alheera.ae\/index.php\/wp-json\/wp\/v2\/users\/2"}],"replies":[{"embeddable":true,"href":"https:\/\/alheera.ae\/index.php\/wp-json\/wp\/v2\/comments?post=31192"}],"version-history":[{"count":1,"href":"https:\/\/alheera.ae\/index.php\/wp-json\/wp\/v2\/posts\/31192\/revisions"}],"predecessor-version":[{"id":31193,"href":"https:\/\/alheera.ae\/index.php\/wp-json\/wp\/v2\/posts\/31192\/revisions\/31193"}],"wp:attachment":[{"href":"https:\/\/alheera.ae\/index.php\/wp-json\/wp\/v2\/media?parent=31192"}],"wp:term":[{"taxonomy":"category","embeddable":true,"href":"https:\/\/alheera.ae\/index.php\/wp-json\/wp\/v2\/categories?post=31192"},{"taxonomy":"post_tag","embeddable":true,"href":"https:\/\/alheera.ae\/index.php\/wp-json\/wp\/v2\/tags?post=31192"}],"curies":[{"name":"wp","href":"https:\/\/api.w.org\/{rel}","templated":true}]}}